{"id":11456,"date":"2025-01-21T16:59:30","date_gmt":"2025-01-21T14:59:30","guid":{"rendered":"https:\/\/tzokrasic.hr\/?p=11456"},"modified":"2025-01-21T16:59:30","modified_gmt":"2025-01-21T14:59:30","slug":"proslava-stepinceva-u-svetoj-jubilarnoj-2025-godini-u-krasicu","status":"publish","type":"post","link":"https:\/\/tzokrasic.hr\/?p=11456","title":{"rendered":"PROSLAVA STEPIN\u010cEVA U SVETOJ JUBILARNOJ 2025. GODINI U KRA\u0160I\u0106U"},"content":{"rendered":"<ul>\n<li><strong>DEVETNICA od 1. do 9. velja\u010de 2025. <\/strong><\/li>\n<\/ul>\n<p>Devetodnevnom pripremom &#8211; od 1. do 9. velja\u010de &#8211; vjernici \u017eupe Presvetog Trojstva u Kra\u0161i\u0107u pripremaju se za Stepin\u010devo 2025. Devetnica je duhovna priprema za proslavu Stepin\u010deva, ali i zahvala dragom Bogu za dar \u017eivota bla\u017eenog Alojzija Stepinca.<\/p>\n<p>Svaki dan priprave u \u017eupnoj crkvi Presvetog Trojstva slavit \u0107e se sveta misa u 18 sati, a prethodit \u0107e joj pobo\u017enosti \u2013 kri\u017eni put s Isusom i bl. Alojzijem Stepincem na otvorenom ispod \u017eupne crkve na prostoru kri\u017enog puta svaki dan osim u nedjelju, 2. velja\u010de, na blagdan Svije\u0107nice, kada \u0107e umjesto kri\u017enog puta biti promocija knjige.<\/p>\n<p>&nbsp;<\/p>\n<ul>\n<li><strong>SVAKI DAN BIT \u0106E PRILIKA ZA SAKRAMENTALNU <u>SVETU ISPOVIJED<\/u> U STAROJ KRA\u0160I\u0106KOJ \u017dUPNOJ CRKVI SV. TRIJU KRALJEVA (na ulazu u \u017eupnu crkvu s lijeve strane) <\/strong><\/li>\n<\/ul>\n<p><strong>&nbsp;<\/strong><\/p>\n<ul>\n<li><strong>SVE\u010cANO OTVORENJE I BLAGOSLOV SPOMEN-ZBIRKE BL.ALOJZIJA STEPINCA<\/strong><\/li>\n<\/ul>\n<p>Prvoga dana Devetnice, u subotu 1. velja\u010de 2025. s po\u010detkom u 17,45 sati u na\u0161u \u017eupu do\u0107i \u0107e predsjednik Hrvatske biskupske konferencije mons. dr. Dra\u017een Kutle\u0161a, zagreba\u010dki nadbiskup i metropolit koji \u0107e nam blagosloviti i sve\u010dano otvoriti spomen- zbirku bl. Alojzija Stepinca koja se nalazi u potkrovlju (na tavanu) Spomen-doma. Nakon blagoslova spomen-zbirke Nadbiskup \u0107e predslaviti sve\u010danu svetu misu u zajedni\u0161tvu sve\u0107enika Novozagreba\u010dkog dekanata. Liturgijsko pjevanje predvodit \u0107e \u017eupni zbor \u017eupe Tijela Kristova iz Zagreba \u2013 Sopot. Ovo slavlje mo\u0107i \u0107e se pratiti U\u017dIVO i preko Laudato TV-a.<\/p>\n<p>Toga dana u 17 sati bit \u0107e pobo\u017enost kri\u017enog puta s mnogobrojnim hodo\u010dasnicima.<\/p>\n<p>&nbsp;<\/p>\n<ul>\n<li><strong>PREDSTAVLJANJE KNJIGE: \u201eNa\u0161 nebeski Otac\u201c sv. Terezije od Djeteta Isusa i Bo\u017ejega Lica, koju je s francuskog jezika preveo kardinal Alojzije Stepinac<\/strong><\/li>\n<\/ul>\n<p>U nedjelju, na blagdan Svije\u0107nice \u2013 Prikazanja Gospodinova u hramu, &nbsp;2. velja\u010de 2025. u 17:15 sati bit \u0107e predstavljanje knjige \u2013 izdava\u010d je Postulatura bl. Alojzija Stepinca, odnosno postulator mons. dr. Juraj Batelja, koji \u0107e nam i progovoriti o tom novom djelu. Nakon predstavljanja knjige, u 18 sati je sve\u010dano euharistijsko slavlje s uvodnim obredom blagoslova svije\u0107a. Predvodit \u0107e ga mons. Josip Mrzljak, vara\u017edinski biskup u miru. Na svetoj misi bit \u0107e vitezovi i dame Papinskog vite\u0161kog reda Svetoga groba jeruzalemskog i njihov duhovnik pre\u010d. dr. sc. An\u0111elo Maly. &nbsp;Predstavljanje knjige i euharistijsko slavlje mo\u0107i \u0107e se pratiti U\u017dIVO i preko Laudato TV-a.<\/p>\n<p>&nbsp;<\/p>\n<ul>\n<li>NEDJELJA \u2013 UO\u010cNICA STEPIN\u010cEVA \u2013 9. velja\u010de 2025.<\/li>\n<\/ul>\n<p>U nedjelju, 9. velja\u010de 2025. slavit \u0107e se dvije sve\u010dane svete mise u kra\u0161i\u0107koj jubilarnoj crkvi:<\/p>\n<ol>\n<li>U 10 sati \u2013 svetu misu predvodi pre\u010d. Ivan Vu\u010dak, upravitelj \u017dupa Kra\u0161i\u0107, O\u0161trc i Gornje Prekri\u017eje i dekan Jastrebarskog dekanata, svetu misu u\u017eivo \u0107e prenositi Hrvatska radiotelevizija i Hrvatski katoli\u010dki radio.<\/li>\n<li>U 17 sati \u2013 pobo\u017enost kri\u017enog puta<\/li>\n<li>U 18 sati \u2013 sve\u010dana sveta misa \u2013 predvodi mons. Ivica Petanjak, kr\u010dki biskup \u2013 svetu Misu u\u017eivo \u0107e prenositi Laudato TV-a.<\/li>\n<\/ol>\n<p>&nbsp;<\/p>\n<ul>\n<li><strong><u>STEPIN\u010cEVO 2025. \u2013 PONEDJELJAK \u2013 10. velja\u010de 2025.<\/u><\/strong><\/li>\n<\/ul>\n<p>Na samo Stepin\u010devo slavit \u0107e se tri euharistijska slavlja.<\/p>\n<p>Prva sveta misa bit \u0107e ujutro u 8 sati koju \u0107e nam predvoditi <strong>pre\u010d. mr. sc. Josip Kuhti\u0107<\/strong>, kanonik Prvostolnog kaptola zagreba\u010dkog i arhi\u0111akon karlova\u010dko-gori\u010dki.&nbsp;<\/p>\n<p><strong>Sredi\u0161nje euharistijsko slavlje u 10:30 predslavit \u0107e mons. Ivica PETANJAK, kr\u010dki biskup u zajedni\u0161tvu s biskupima u miru i mnogobrojnim sve\u0107enicima. <\/strong>Ovo slavlje mo\u0107i \u0107e se pratiti i preko Laudato TV-a.<\/p>\n<p>Stepin\u010devo 2025. zavr\u0161ava zahvalnom sve\u010danom svetom misom u 18 sati koju \u0107e predslaviti <strong>pre\u010d. Ivica Cujzek<\/strong>, \u017eupnik \u017eupe sv. Fabijana i Sebastijana u Vara\u017edinu i dekan Zapadnovara\u017edinskog dekanata. <u>Na samo Stepin\u010devo NE\u0106E&nbsp; biti pobo\u017enosti kri\u017enog puta u 17 sati. <\/u>Liturgijsko pjevanje predvodit \u0107e \u017eupni zbor \u017eupe Uznesenja BDM iz Zagreba \u2013 Stenjevec.<\/p>\n<p>&nbsp;<\/p>\n<ul>\n<li><strong><u>SPOMEN-DOM I NOVA SPOMEN-ZBIRKA BL. ALOJZIJA STEPINCA <\/u><\/strong><\/li>\n<\/ul>\n<p>Uz sudjelovanje u programu Devetnice <strong>hodo\u010dasnici mogu posjetiti obnovljeni Spomen-dom bl. Alojzija Stepinca<\/strong>. Velika je prednost to \u0161to vjernici mogu u\u0107i u taj stari \u017eupni dvor i biti dionici te povijesti, mogu na trenutak biti dio mjesta gdje je \u017eivio na\u0161 dragi Kardinal, mu\u010denik Alojzije Stepinac. Mogu do\u0107i i u njegovu sobu, u ured gdje je pisao propovijedi, sobu gdje se pripremao za misu, u spava\u0107oj sobi mogu vidjeti krevet na kojem je umro odnosno gdje se rodio za Nebo prije 65 godina. Uz te dvije sobe kardinala Stepinca, imamo i sobu \u017eupnika Josipa Vranekovi\u0107a, a od prije tri godine imamo i spomen-sobe na\u0161ih dragih \u010dasnih sestara Slu\u017eavki Malog Isusa.<\/p>\n<p>&nbsp;<\/p>\n<p>Od ove jubilarne 2025. godine \u2013 hodo\u010dasnici \u2013 a mo\u017eemo re\u0107i, svi koji \u017eele znati i vidjeti vi\u0161e \u2013 mo\u0107i se se popeti na drugi kat Spomen-doma te u potkrovlju (na tavanu) gdje su neko\u0107 kratko \u010dak i \u017eivjele \u010dasne sestre Slu\u017eavke Malog Isusa \u2013 razgledati novu <strong>spomen-zbirku bl. Alojzija Stepinca<\/strong> s mnogo njegovih privatnih i liturgijskih stvari te nabo\u017enih predmeta.<\/p>\n<ul>\n<li><strong>BIBLIOTEKA I SUVENIRNICA BL. ALOJZIJA STEPINCA<\/strong><\/li>\n<\/ul>\n<p>U prizemlju Spomen-doma imamo i novu <strong>biblioteku bl. Alojzija Stepinca<\/strong> gdje hodo\u010dasnici mogu nabaviti mnoge naslove koje je Postulatora bl. Alojzija Stepinca izdala u ovih 30 godina. Sve najnovije knjige kao i ovu novu knjigu \u201eNa\u0161 nebeski Otac\u201c mo\u017eete ondje kupiti. Novu knjigu predstavit \u0107emo u nedjelju, 2. velja\u010de 2025.<\/p>\n<p>&nbsp;<\/p>\n<ul>\n<li><strong>NOVI RESTORAN U KRA\u0160I\u0106U: \u201eLENALUX KRA\u0160I\u0106\u201c <\/strong><\/li>\n<\/ul>\n<p>Pro\u0161le, 2024. godine, Bogu dragom hvala, uspjeli smo otvoriti novi restoran u samom centru Kra\u0161i\u0107a, odnosno u dvorani Dru\u0161tvenog doma. Za to smo zahvalni poznatoj obitelji \u0160valj iz \u017eupe Kra\u0161i\u0107, koja ima i vlastiti OPG i bavi se proizvodnjom doma\u0107ih sireva. Otvorili su novi restoran u kojem mo\u017ee biti i do 120 hodo\u010dasnika na ru\u010dku. Svi zainteresirani za ru\u010dak slobodno se mogu obratiti vlasniku restorana gospodinu Martinu \u0160valju, mob: 098 9329 245.<\/p>\n<p>&nbsp;<\/p>\n<ul>\n<li><strong>PRIJENOS PREKO RADIO MARIJE, LAUDATO OBITELJSKE TELEVIZIJE, HRVATSKOG KATOLI\u010cKOG RADIJA I HRVATSKE RADIOTELEVIZIJE <\/strong><\/li>\n<\/ul>\n<p>Oni koji nisu u mogu\u0107nosti do\u0107i u Kra\u0161i\u0107, <strong><u>svaki dan bit \u0107e prijenos u\u017eivo svete mise u 18 sati na RADIO MARIJI, <\/u><\/strong>a dio Devetnice (1., 2., 9. i 10. velja\u010de 2025.) mogu pratiti i na <strong>Laudato obiteljskoj televiziji.<\/strong><\/p>\n<p>&nbsp;<\/p>\n<p><strong>Prijenos u\u017eivo na Laudato TV-u<\/strong><\/p>\n<p>&#8211; subota, 1. velja\u010de 2025. \u2013 od 18 do 19:15 sati \u2013 sveta misa<\/p>\n<p>&#8211; nedjelja, 2. velja\u010de 2025. \u2013 od 17:15 sati do 19:15 \u2013 predstavljanje knjige i sve\u010dana sveta misa<\/p>\n<p>&#8211; nedjelja, 9. velja\u010de 2025. \u2013 od 18 do 19 sati<\/p>\n<p>&#8211; ponedjeljak, 10. velja\u010de 2025. \u2013 od 10.30 do 12 sati<\/p>\n<p>&nbsp;<strong>Prijenos u\u017eivo na HRT 1 <\/strong><\/p>\n<ul>\n<li><strong>nedjelja, 9. velja\u010de 2025. u 10 sati <\/strong><\/li>\n<li>\u017dupa Kra\u0161i\u0107 i mjesto \u010da\u0161\u0107enja bl. A. Stepinca<\/li>\n<\/ul>\n<p><strong>Raspored sv. misa<\/strong><\/p>\n<p>&#8211; nedjeljom: 8 i 11 sati<\/p>\n<p>&#8211; radnim danom: ponedjeljak, utorak, \u010detvrtak i subota \u2013 7:30 sati<\/p>\n<p>Srijeda i petak: Klanjanje u 17 sati (zimsko vrijeme) i 18 sati (ljetno vrijeme)<\/p>\n<p>Sveta misa u 17:30 sati (zimsko vrijeme) i 18:30 sati (ljetno vrijeme)<\/p>\n<p><strong>&nbsp;<\/strong><\/p>\n<p><strong>POSJET OBNOVLJENOM SPOMEN-DOMU BL. ALOJZIJA STEPINCA<\/strong><\/p>\n<p><strong>PREMA NAJAVI ILI NEDJELJOM NAKON SVETIH MISA<\/strong><\/p>\n<p><strong>&nbsp;<\/strong><\/p>\n<ul>\n<li><strong>PODACI O \u017dUPI KRA\u0160I\u0106<\/strong><\/li>\n<\/ul>\n<p>IBAN: ZABA-HR6923600001101616973<\/p>\n<p>vl\u010d. Ivan Vu\u010dak, upravitelj \u017eupe<\/p>\n<p>ADRESA: Kra\u0161i\u0107 118, 10454 KRA\u0160I\u0106<\/p>\n<p>TEL: 01 6270 703<\/p>\n<p>MOB: 099 417 0098<\/p>\n<p>WEB: www.zupa-krasic.hr<\/p>\n<p>MAIL: <a href=\"mailto:zupa.krasic@zg-nadbiskupija.hr\">zupa.krasic@zg-nadbiskupija.hr<\/a> ili <a href=\"mailto:zupa.krasic@gmail.com\">zupa.krasic@gmail.com<\/a><\/p>\n<p><!-- index.php -->\n<div\n\tclass=\"ngg-galleryoverview ngg-ajax-pagination-none\"\n\tid=\"ngg-gallery-dea18d55f58290df6ba1d0d8ec009d32-1\">\n\n    \t<div class=\"slideshowlink\">\n        <a href='https:\/\/tzokrasic.hr\/index.php\/nggallery\/slideshow?p=11456'>[Show as slideshow]<\/a>\n\t\t\n\t<\/div>\n\t\t\t<!-- Thumbnails -->\n\t\t\t\t<div id=\"ngg-image-0\" class=\"ngg-gallery-thumbnail-box\" >\n\t\t\t\t        <div class=\"ngg-gallery-thumbnail\">\n            <a href=\"https:\/\/tzokrasic.hr\/wp-content\/gallery\/step25\/Snimka-zaslona-2025-01-21-155802.png\"\n               title=\"\"\n               data-src=\"https:\/\/tzokrasic.hr\/wp-content\/gallery\/step25\/Snimka-zaslona-2025-01-21-155802.png\"\n               data-thumbnail=\"https:\/\/tzokrasic.hr\/wp-content\/gallery\/step25\/thumbs\/thumbs_Snimka-zaslona-2025-01-21-155802.png\"\n               data-image-id=\"2499\"\n               data-title=\"Snimka-zaslona-2025-01-21-155802\"\n               data-description=\"\"\n               data-image-slug=\"snimka-zaslona-2025-01-21-155802\"\n               class=\"ngg-fancybox\" rel=\"dea18d55f58290df6ba1d0d8ec009d32\">\n                <img\n                    title=\"Snimka-zaslona-2025-01-21-155802\"\n                    alt=\"Snimka-zaslona-2025-01-21-155802\"\n                    src=\"https:\/\/tzokrasic.hr\/wp-content\/gallery\/step25\/thumbs\/thumbs_Snimka-zaslona-2025-01-21-155802.png\"\n                    width=\"130\"\n                    height=\"105\"\n                    style=\"max-width:100%;\"\n                \/>\n            <\/a>\n        <\/div>\n\t\t\t\t\t\t\t<\/div> \n\t\t\t\n        \n\t\t\t\t<div id=\"ngg-image-1\" class=\"ngg-gallery-thumbnail-box\" >\n\t\t\t\t        <div class=\"ngg-gallery-thumbnail\">\n            <a href=\"https:\/\/tzokrasic.hr\/wp-content\/gallery\/step25\/Snimka-zaslona-2025-01-21-155820.png\"\n               title=\"\"\n               data-src=\"https:\/\/tzokrasic.hr\/wp-content\/gallery\/step25\/Snimka-zaslona-2025-01-21-155820.png\"\n               data-thumbnail=\"https:\/\/tzokrasic.hr\/wp-content\/gallery\/step25\/thumbs\/thumbs_Snimka-zaslona-2025-01-21-155820.png\"\n               data-image-id=\"2498\"\n               data-title=\"Snimka-zaslona-2025-01-21-155820\"\n               data-description=\"\"\n               data-image-slug=\"snimka-zaslona-2025-01-21-155820\"\n               class=\"ngg-fancybox\" rel=\"dea18d55f58290df6ba1d0d8ec009d32\">\n                <img\n                    title=\"Snimka-zaslona-2025-01-21-155820\"\n                    alt=\"Snimka-zaslona-2025-01-21-155820\"\n                    src=\"https:\/\/tzokrasic.hr\/wp-content\/gallery\/step25\/thumbs\/thumbs_Snimka-zaslona-2025-01-21-155820.png\"\n                    width=\"130\"\n                    height=\"105\"\n                    style=\"max-width:100%;\"\n                \/>\n            <\/a>\n        <\/div>\n\t\t\t\t\t\t\t<\/div> \n\t\t\t\n        \n\t\t\t\t<div id=\"ngg-image-2\" class=\"ngg-gallery-thumbnail-box\" >\n\t\t\t\t        <div class=\"ngg-gallery-thumbnail\">\n            <a href=\"https:\/\/tzokrasic.hr\/wp-content\/gallery\/step25\/plakat_otvorenje_devetnice_WEB_FINAL_2-scaled.jpg\"\n               title=\"\"\n               data-src=\"https:\/\/tzokrasic.hr\/wp-content\/gallery\/step25\/plakat_otvorenje_devetnice_WEB_FINAL_2-scaled.jpg\"\n               data-thumbnail=\"https:\/\/tzokrasic.hr\/wp-content\/gallery\/step25\/thumbs\/thumbs_plakat_otvorenje_devetnice_WEB_FINAL_2-scaled.jpg\"\n               data-image-id=\"2501\"\n               data-title=\"plakat_otvorenje_devetnice_WEB_FINAL_2-scaled\"\n               data-description=\"\"\n               data-image-slug=\"plakat_otvorenje_devetnice_web_final_2-scaled\"\n               class=\"ngg-fancybox\" rel=\"dea18d55f58290df6ba1d0d8ec009d32\">\n                <img\n                    title=\"plakat_otvorenje_devetnice_WEB_FINAL_2-scaled\"\n                    alt=\"plakat_otvorenje_devetnice_WEB_FINAL_2-scaled\"\n                    src=\"https:\/\/tzokrasic.hr\/wp-content\/gallery\/step25\/thumbs\/thumbs_plakat_otvorenje_devetnice_WEB_FINAL_2-scaled.jpg\"\n                    width=\"130\"\n                    height=\"105\"\n                    style=\"max-width:100%;\"\n                \/>\n            <\/a>\n        <\/div>\n\t\t\t\t\t\t\t<\/div> \n\t\t\t\n        \n\t\t\t\t<div id=\"ngg-image-3\" class=\"ngg-gallery-thumbnail-box\" >\n\t\t\t\t        <div class=\"ngg-gallery-thumbnail\">\n            <a href=\"https:\/\/tzokrasic.hr\/wp-content\/gallery\/step25\/plakat_promocija_knjige_WEB_FINAL-scaled.jpg\"\n               title=\"\"\n               data-src=\"https:\/\/tzokrasic.hr\/wp-content\/gallery\/step25\/plakat_promocija_knjige_WEB_FINAL-scaled.jpg\"\n               data-thumbnail=\"https:\/\/tzokrasic.hr\/wp-content\/gallery\/step25\/thumbs\/thumbs_plakat_promocija_knjige_WEB_FINAL-scaled.jpg\"\n               data-image-id=\"2500\"\n               data-title=\"plakat_promocija_knjige_WEB_FINAL-scaled\"\n               data-description=\"\"\n               data-image-slug=\"plakat_promocija_knjige_web_final-scaled\"\n               class=\"ngg-fancybox\" rel=\"dea18d55f58290df6ba1d0d8ec009d32\">\n                <img\n                    title=\"plakat_promocija_knjige_WEB_FINAL-scaled\"\n                    alt=\"plakat_promocija_knjige_WEB_FINAL-scaled\"\n                    src=\"https:\/\/tzokrasic.hr\/wp-content\/gallery\/step25\/thumbs\/thumbs_plakat_promocija_knjige_WEB_FINAL-scaled.jpg\"\n                    width=\"130\"\n                    height=\"105\"\n                    style=\"max-width:100%;\"\n                \/>\n            <\/a>\n        <\/div>\n\t\t\t\t\t\t\t<\/div> \n\t\t\t\n        \n\t\t\t\t<div id=\"ngg-image-4\" class=\"ngg-gallery-thumbnail-box\" >\n\t\t\t\t        <div class=\"ngg-gallery-thumbnail\">\n            <a href=\"https:\/\/tzokrasic.hr\/wp-content\/gallery\/step25\/plakat_devetnica_opceniti_WEB_FINAL2-scaled.jpg\"\n               title=\"\"\n               data-src=\"https:\/\/tzokrasic.hr\/wp-content\/gallery\/step25\/plakat_devetnica_opceniti_WEB_FINAL2-scaled.jpg\"\n               data-thumbnail=\"https:\/\/tzokrasic.hr\/wp-content\/gallery\/step25\/thumbs\/thumbs_plakat_devetnica_opceniti_WEB_FINAL2-scaled.jpg\"\n               data-image-id=\"2502\"\n               data-title=\"plakat_devetnica_opceniti_WEB_FINAL2-scaled\"\n               data-description=\"\"\n               data-image-slug=\"plakat_devetnica_opceniti_web_final2-scaled\"\n               class=\"ngg-fancybox\" rel=\"dea18d55f58290df6ba1d0d8ec009d32\">\n                <img\n                    title=\"plakat_devetnica_opceniti_WEB_FINAL2-scaled\"\n                    alt=\"plakat_devetnica_opceniti_WEB_FINAL2-scaled\"\n                    src=\"https:\/\/tzokrasic.hr\/wp-content\/gallery\/step25\/thumbs\/thumbs_plakat_devetnica_opceniti_WEB_FINAL2-scaled.jpg\"\n                    width=\"130\"\n                    height=\"105\"\n                    style=\"max-width:100%;\"\n                \/>\n            <\/a>\n        <\/div>\n\t\t\t\t\t\t\t<\/div> \n\t\t\t\n        \n\t\t\n\t\t<!-- Pagination -->\n\t<div class='ngg-clear'><\/div>\t<\/div>\n&nbsp;<\/p>\n<p>&nbsp;<\/p>\n<p>&nbsp;<\/p>\n<p>&nbsp;<\/p>\n","protected":false},"excerpt":{"rendered":"<p>DEVETNICA od 1. do 9. velja\u010de 2025. Devetodnevnom pripremom &#8211; od 1. do 9. velja\u010de &#8211; vjernici \u017eupe Presvetog Trojstva u Kra\u0161i\u0107u pripremaju se za Stepin\u010devo 2025. Devetnica je duhovna priprema za proslavu Stepin\u010deva, ali i zahvala dragom Bogu za dar \u017eivota bla\u017eenog Alojzija Stepinca. Svaki dan priprave u \u017eupnoj crkvi Presvetog Trojstva slavit \u0107e [&hellip;]<\/p>\n","protected":false},"author":2,"featured_media":11458,"comment_status":"open","ping_status":"open","sticky":false,"template":"","format":"standard","meta":{"ngg_post_thumbnail":0},"categories":[1],"tags":[],"_links":{"self":[{"href":"https:\/\/tzokrasic.hr\/index.php?rest_route=\/wp\/v2\/posts\/11456"}],"collection":[{"href":"https:\/\/tzokrasic.hr\/index.php?rest_route=\/wp\/v2\/posts"}],"about":[{"href":"https:\/\/tzokrasic.hr\/index.php?rest_route=\/wp\/v2\/types\/post"}],"author":[{"embeddable":true,"href":"https:\/\/tzokrasic.hr\/index.php?rest_route=\/wp\/v2\/users\/2"}],"replies":[{"embeddable":true,"href":"https:\/\/tzokrasic.hr\/index.php?rest_route=%2Fwp%2Fv2%2Fcomments&post=11456"}],"version-history":[{"count":1,"href":"https:\/\/tzokrasic.hr\/index.php?rest_route=\/wp\/v2\/posts\/11456\/revisions"}],"predecessor-version":[{"id":11468,"href":"https:\/\/tzokrasic.hr\/index.php?rest_route=\/wp\/v2\/posts\/11456\/revisions\/11468"}],"wp:featuredmedia":[{"embeddable":true,"href":"https:\/\/tzokrasic.hr\/index.php?rest_route=\/wp\/v2\/media\/11458"}],"wp:attachment":[{"href":"https:\/\/tzokrasic.hr\/index.php?rest_route=%2Fwp%2Fv2%2Fmedia&parent=11456"}],"wp:term":[{"taxonomy":"category","embeddable":true,"href":"https:\/\/tzokrasic.hr\/index.php?rest_route=%2Fwp%2Fv2%2Fcategories&post=11456"},{"taxonomy":"post_tag","embeddable":true,"href":"https:\/\/tzokrasic.hr\/index.php?rest_route=%2Fwp%2Fv2%2Ftags&post=11456"}],"curies":[{"name":"wp","href":"https:\/\/api.w.org\/{rel}","templated":true}]}}