{"id":11618,"date":"2025-05-22T18:14:10","date_gmt":"2025-05-22T16:14:10","guid":{"rendered":"https:\/\/tzokrasic.hr\/?p=11618"},"modified":"2025-05-22T18:14:10","modified_gmt":"2025-05-22T16:14:10","slug":"svecano-obiljezeni-dani-opcine-krasic","status":"publish","type":"post","link":"https:\/\/tzokrasic.hr\/?p=11618","title":{"rendered":"SVE\u010cANO OBILJE\u017dENI DANI OP\u0106INE KRA\u0160I\u0106"},"content":{"rendered":"<p>Tokom tjedna od 07.-11.svibnja 2025.godine brojnim doga\u0111anjima sve\u010dano obilje\u017eeni Dani Op\u0107ine Kra\u0161i\u0107, dani Osnovne \u0161kole &#8216;Kardinal Alojzije Stepinac&#8217; i 127.godi\u0161njica od ro\u0111enja na\u0161ega za\u0161titnika bla\u017eenog Alojzija Stepinca.<\/p>\n<p>Sve\u010danosti su zapo\u010dele u srijedu 07.svibnja kada je Osnovna \u0161kola uprili\u010dila prigodno lijepo doga\u0111anje i priredbu u dvorani \u0161kole povodom njezina dana. Nave\u010der je u kra\u0161i\u0107koj crkvi nakon svete mise odr\u017ean prekrasan koncert crkvene glazbe. Glavni doga\u0111aj i proslava svih ovih va\u017enih doga\u0111anja odr\u017eala se 08.svibnja, na sam dan ro\u0111enja bla\u017eenog Stepinca, kada je sve\u010danim misnim slavljem koje je predvodio Vara\u017edinski biskup u miru mons. Josip Mrzljak u 11:00 sati zapo\u010dela proslava godi\u0161njice ro\u0111enja i Dana Op\u0107ine.<\/p>\n<p>Svetoj misi je nazo\u010dio i predsjednik Hrvatskog Sabora gospodin Gordan Jandrokovi\u0107. Nakon svete mise zajedno sa visokim gostima i uzvanicima na\u010delnik Op\u0107ine i upravitelj \u017eupe Kra\u0161i\u0107 zajedni\u010dki su posjetili Spomen \u2013 dom bla\u017eenog Alojzija Stepinca, gdje su razgledali detaljno spomen sobe i potom spomen zbirku u potkrovlju ku\u0107e. Prilikom posjete istaknuta je va\u017enost daljnjeg ure\u0111enje \u017eupnoga dvora i prostora oko crkve koji \u0107e se uskoro zapo\u010deti obnavljati.<\/p>\n<p>Posebno je va\u017eno istaknuti izgradnju pastoralnog centra budu\u0107eg Sveti\u0161ta Alojzija Stepinca u Kra\u0161i\u0107u, kako bi se sve ve\u0107i broj hodo\u010dasnika lak\u0161e prihvatio i dulje zadr\u017eao u Stepin\u010devu Kra\u0161i\u0107u.<\/p>\n<p>&nbsp;<\/p>\n<p>&nbsp;<\/p>\n<p>&nbsp;<\/p>\n<p>&nbsp;<\/p>\n","protected":false},"excerpt":{"rendered":"<p>Tokom tjedna od 07.-11.svibnja 2025.godine brojnim doga\u0111anjima sve\u010dano obilje\u017eeni Dani Op\u0107ine Kra\u0161i\u0107, dani Osnovne \u0161kole &#8216;Kardinal Alojzije Stepinac&#8217; i 127.godi\u0161njica od ro\u0111enja na\u0161ega za\u0161titnika bla\u017eenog Alojzija Stepinca. Sve\u010danosti su zapo\u010dele u srijedu 07.svibnja kada je Osnovna \u0161kola uprili\u010dila prigodno lijepo doga\u0111anje i priredbu u dvorani \u0161kole povodom njezina dana. Nave\u010der je u kra\u0161i\u0107koj crkvi nakon [&hellip;]<\/p>\n","protected":false},"author":2,"featured_media":9574,"comment_status":"open","ping_status":"open","sticky":false,"template":"","format":"standard","meta":{"ngg_post_thumbnail":0},"categories":[1],"tags":[],"_links":{"self":[{"href":"https:\/\/tzokrasic.hr\/index.php?rest_route=\/wp\/v2\/posts\/11618"}],"collection":[{"href":"https:\/\/tzokrasic.hr\/index.php?rest_route=\/wp\/v2\/posts"}],"about":[{"href":"https:\/\/tzokrasic.hr\/index.php?rest_route=\/wp\/v2\/types\/post"}],"author":[{"embeddable":true,"href":"https:\/\/tzokrasic.hr\/index.php?rest_route=\/wp\/v2\/users\/2"}],"replies":[{"embeddable":true,"href":"https:\/\/tzokrasic.hr\/index.php?rest_route=%2Fwp%2Fv2%2Fcomments&post=11618"}],"version-history":[{"count":1,"href":"https:\/\/tzokrasic.hr\/index.php?rest_route=\/wp\/v2\/posts\/11618\/revisions"}],"predecessor-version":[{"id":11619,"href":"https:\/\/tzokrasic.hr\/index.php?rest_route=\/wp\/v2\/posts\/11618\/revisions\/11619"}],"wp:featuredmedia":[{"embeddable":true,"href":"https:\/\/tzokrasic.hr\/index.php?rest_route=\/wp\/v2\/media\/9574"}],"wp:attachment":[{"href":"https:\/\/tzokrasic.hr\/index.php?rest_route=%2Fwp%2Fv2%2Fmedia&parent=11618"}],"wp:term":[{"taxonomy":"category","embeddable":true,"href":"https:\/\/tzokrasic.hr\/index.php?rest_route=%2Fwp%2Fv2%2Fcategories&post=11618"},{"taxonomy":"post_tag","embeddable":true,"href":"https:\/\/tzokrasic.hr\/index.php?rest_route=%2Fwp%2Fv2%2Ftags&post=11618"}],"curies":[{"name":"wp","href":"https:\/\/api.w.org\/{rel}","templated":true}]}}