{"id":2364,"date":"2015-08-14T20:47:06","date_gmt":"2015-08-14T20:47:06","guid":{"rendered":"http:\/\/tzokrasic.hr\/?p=2364"},"modified":"2015-08-14T20:47:06","modified_gmt":"2015-08-14T20:47:06","slug":"zupa-sv-siksta-pribic-poziva","status":"publish","type":"post","link":"https:\/\/tzokrasic.hr\/?p=2364","title":{"rendered":"\u017dUPA SV. SIKSTA PRIBI\u0106 POZIVA"},"content":{"rendered":"<p>U PETAK 14.08.2015.okupljanje vjernika ispred crkve Sv. Siksta u Pribi\u0107u u 19 sati.<br \/>\nU 19 sati kre\u0107e pro\u0161encija sa kipom Majke Bo\u017eje od \u017eupne crkve SV.Siksta iz Pribi\u0107a do crkve Majke Bo\u017eje Dolske u kojoj \u0107e se odr\u017eati sveta misa u 20 sati.<\/p>\n<p>U SUBOTU 15.08.2015. na blagdan Velike Gospe pro\u0161tenje u Dolu<br \/>\nSv.misa u 08.sati, pola 10 i 11sati.<br \/>\nU 11.sati svetu misu predvodit \u0107e \u017eupnik iz Dragani\u0107a Miroslav Lesi\u010dar.<\/p>\n<p><!--more--><\/p>\n<p><a href=\"http:\/\/tzokrasic.hr\/wp-content\/uploads\/2015\/08\/79664358.jpg\"><img loading=\"lazy\" class=\"aligncenter size-full wp-image-2365\" src=\"http:\/\/tzokrasic.hr\/wp-content\/uploads\/2015\/08\/79664358.jpg\" alt=\"79664358\" width=\"371\" height=\"500\" srcset=\"https:\/\/tzokrasic.hr\/wp-content\/uploads\/2015\/08\/79664358.jpg 371w, https:\/\/tzokrasic.hr\/wp-content\/uploads\/2015\/08\/79664358-222x300.jpg 222w, https:\/\/tzokrasic.hr\/wp-content\/uploads\/2015\/08\/79664358-148x200.jpg 148w\" sizes=\"(max-width: 371px) 100vw, 371px\" \/><\/a> <a href=\"http:\/\/tzokrasic.hr\/wp-content\/uploads\/2015\/08\/20141204095721.jpg.768x0px.jpg\"><img loading=\"lazy\" class=\"aligncenter size-full wp-image-2366\" src=\"http:\/\/tzokrasic.hr\/wp-content\/uploads\/2015\/08\/20141204095721.jpg.768x0px.jpg\" alt=\"20141204095721.jpg.768x0px\" width=\"576\" height=\"768\" srcset=\"https:\/\/tzokrasic.hr\/wp-content\/uploads\/2015\/08\/20141204095721.jpg.768x0px.jpg 576w, https:\/\/tzokrasic.hr\/wp-content\/uploads\/2015\/08\/20141204095721.jpg.768x0px-225x300.jpg 225w, https:\/\/tzokrasic.hr\/wp-content\/uploads\/2015\/08\/20141204095721.jpg.768x0px-150x200.jpg 150w\" sizes=\"(max-width: 576px) 100vw, 576px\" \/><\/a> <a href=\"http:\/\/tzokrasic.hr\/wp-content\/uploads\/2015\/08\/Crkva_Majke_Bozje_Dolske.jpg\"><img loading=\"lazy\" class=\"aligncenter size-full wp-image-2367\" src=\"http:\/\/tzokrasic.hr\/wp-content\/uploads\/2015\/08\/Crkva_Majke_Bozje_Dolske.jpg\" alt=\"Crkva_Majke_Bozje_Dolske\" width=\"469\" height=\"413\" srcset=\"https:\/\/tzokrasic.hr\/wp-content\/uploads\/2015\/08\/Crkva_Majke_Bozje_Dolske.jpg 469w, https:\/\/tzokrasic.hr\/wp-content\/uploads\/2015\/08\/Crkva_Majke_Bozje_Dolske-300x264.jpg 300w, https:\/\/tzokrasic.hr\/wp-content\/uploads\/2015\/08\/Crkva_Majke_Bozje_Dolske-200x176.jpg 200w\" sizes=\"(max-width: 469px) 100vw, 469px\" \/><\/a><\/p>\n","protected":false},"excerpt":{"rendered":"<p>U PETAK 14.08.2015.okupljanje vjernika ispred crkve Sv. Siksta u Pribi\u0107u u 19 sati. U 19 sati kre\u0107e pro\u0161encija sa kipom Majke Bo\u017eje od \u017eupne crkve SV.Siksta iz Pribi\u0107a do crkve Majke Bo\u017eje Dolske u kojoj \u0107e se odr\u017eati sveta misa u 20 sati. U SUBOTU 15.08.2015. na blagdan Velike Gospe pro\u0161tenje u Dolu Sv.misa u [&hellip;]<\/p>\n","protected":false},"author":1,"featured_media":2367,"comment_status":"open","ping_status":"open","sticky":false,"template":"","format":"standard","meta":{"ngg_post_thumbnail":0},"categories":[3,1],"tags":[],"_links":{"self":[{"href":"https:\/\/tzokrasic.hr\/index.php?rest_route=\/wp\/v2\/posts\/2364"}],"collection":[{"href":"https:\/\/tzokrasic.hr\/index.php?rest_route=\/wp\/v2\/posts"}],"about":[{"href":"https:\/\/tzokrasic.hr\/index.php?rest_route=\/wp\/v2\/types\/post"}],"author":[{"embeddable":true,"href":"https:\/\/tzokrasic.hr\/index.php?rest_route=\/wp\/v2\/users\/1"}],"replies":[{"embeddable":true,"href":"https:\/\/tzokrasic.hr\/index.php?rest_route=%2Fwp%2Fv2%2Fcomments&post=2364"}],"version-history":[{"count":1,"href":"https:\/\/tzokrasic.hr\/index.php?rest_route=\/wp\/v2\/posts\/2364\/revisions"}],"predecessor-version":[{"id":2368,"href":"https:\/\/tzokrasic.hr\/index.php?rest_route=\/wp\/v2\/posts\/2364\/revisions\/2368"}],"wp:featuredmedia":[{"embeddable":true,"href":"https:\/\/tzokrasic.hr\/index.php?rest_route=\/wp\/v2\/media\/2367"}],"wp:attachment":[{"href":"https:\/\/tzokrasic.hr\/index.php?rest_route=%2Fwp%2Fv2%2Fmedia&parent=2364"}],"wp:term":[{"taxonomy":"category","embeddable":true,"href":"https:\/\/tzokrasic.hr\/index.php?rest_route=%2Fwp%2Fv2%2Fcategories&post=2364"},{"taxonomy":"post_tag","embeddable":true,"href":"https:\/\/tzokrasic.hr\/index.php?rest_route=%2Fwp%2Fv2%2Ftags&post=2364"}],"curies":[{"name":"wp","href":"https:\/\/api.w.org\/{rel}","templated":true}]}}