{"id":3234,"date":"2016-09-04T20:27:38","date_gmt":"2016-09-04T20:27:38","guid":{"rendered":"http:\/\/tzokrasic.hr\/?p=3234"},"modified":"2016-09-09T11:09:14","modified_gmt":"2016-09-09T11:09:14","slug":"svecano-predstavljen-novi-nosac-zvuka-autora-josipa-bakalasa","status":"publish","type":"post","link":"https:\/\/tzokrasic.hr\/?p=3234","title":{"rendered":"SVE\u010cANO PREDSTAVLJEN NOVI NOSA\u010c ZVUKA AUTORA JOSIPA BAKALASA"},"content":{"rendered":"<p>U nedjelju, 4. rujna 2016. u omiljenoj hodo\u010dasni\u010dkoj crkvi Majke Bo\u017eje Dolske (\u017eupa Pribi\u0107), predstavljen je nosa\u010d zvuka &#8220;Moj \u017eivot &#8211; Moje pjesme&#8221; popularnog dolskog i pribi\u0107kog pjesnika Josipa Bakalasa. Na CD-u se nalazi jedanaest Bakalasovih duhovnih pjesama koje su uglazbili i otpjevali Zoran Pavkovi\u0107 i Mladen \u017dalac. U stvaranju te vrijedne kompaktne plo\u010de sudjelovali su i aran\u017eer Dra\u017een Borovec, Ana Bakalas, KUD Josip Torbar iz Kra\u0161i\u0107a, KUD Lipa iz Slaveti\u0107a te sam Josip Bakalas kao recitator. Izdavanje nosa\u010da zvuka omogu\u0107ila je tvrtka GTP \u0160o\u0161tari\u0107.<\/p>\n<p>Pred velikim brojem vjernika, CD &#8220;Moj \u017eivot &#8211; moje pjesme&#8221; predstavili su autor Josip Bakalas, pribi\u0107ki \u017eupnik Stjepan Dijane\u0161, na\u010delnik Op\u0107ine Kra\u0161i\u0107 Josip Petkovi\u0107 Fajnik i Nino \u0160krabe, \u010dlan predsjedni\u0161tva Ogranka Matice hrvatske u Jastrebarskom, dok je na sve\u010danosti bio prisutan i potpredsjednik jaskanske Matice, \u017delimir Hrkovi\u0107.<\/p>\n<p>Josip Bakalas (ro\u0111en u Dolu 1956), vrijedni dru\u0161tveni djelatnik, op\u0107inski vije\u0107nik, crkveni odbornik i sportski radnik pribi\u0107kog kraja, \u010dlan jaskanskog Ogranka Matice hrvatske, zvanjem in\u017eenjer za\u0161tite na radu, a zanimanjem obrtnik u obu\u0107arskoj struci, bio je dugogodi\u0161nji dopisnik &#8220;Sportskih novosti&#8221; iz Pribi\u0107a i suradnik mnogih lokalnih glasila. Posebno se isti\u010de velikom brigom i uspjesima u obnovi i ure\u0111enju crkve Majke Bo\u017eje Dolske, jednog od najsjajnijih i najvrednijih umjetni\u010dkih dragulja jaskanskog kraja. Bakalasove pjesme vezane su uz njegov zavi\u010daj i duhovnu tematiku, o \u010demu svjedo\u010de i naslovi objavljeni na novom CD-u: &#8220;Zvona Majke Bo\u017eje Dolske&#8221;, &#8220;Majko na\u0161a&#8221;, &#8220;Ljubav za ljude sve\u201c, &#8220;Kardinale Kuhari\u0107u&#8221;, &#8220;Pamtim tvoje ime (Stepincu)&#8221;, &#8220;Sveta Jano &#8211; sveta Ano&#8221;, &#8220;Zornica&#8221;, &#8220;Badnja ve\u010der&#8221;, &#8220;Bo\u017ei\u0107na pri\u010da&#8221;, &#8220;San&#8221; i &#8220;Majko Bo\u017eja Pe\u0107anska&#8221;.<\/p>\n<p>MH<\/p>\n<p><!--more--><\/p>\n<style type=\"text\/css\">\n\t\t\t#gallery-1 {\n\t\t\t\tmargin: auto;\n\t\t\t}\n\t\t\t#gallery-1 .gallery-item {\n\t\t\t\tfloat: left;\n\t\t\t\tmargin-top: 10px;\n\t\t\t\ttext-align: center;\n\t\t\t\twidth: 33%;\n\t\t\t}\n\t\t\t#gallery-1 img {\n\t\t\t\tborder: 2px solid #cfcfcf;\n\t\t\t}\n\t\t\t#gallery-1 .gallery-caption {\n\t\t\t\tmargin-left: 0;\n\t\t\t}\n\t\t\t\/* see gallery_shortcode() in wp-includes\/media.php *\/\n\t\t<\/style>\n<div id='gallery-1' class='gallery galleryid-3234 gallery-columns-3 gallery-size-thumbnail'>\n<dl class='gallery-item'>\n<dt class='gallery-icon landscape'>\n\t\t\t\t<a href='https:\/\/tzokrasic.hr\/wp-content\/uploads\/2016\/09\/josip-bakalas-moj-zivot-moje-pjesme_1.jpg'><img width=\"150\" height=\"150\" src=\"https:\/\/tzokrasic.hr\/wp-content\/uploads\/2016\/09\/josip-bakalas-moj-zivot-moje-pjesme_1-150x150.jpg\" class=\"attachment-thumbnail size-thumbnail colorbox-3234 \" alt=\"\" loading=\"lazy\" \/><\/a>\n\t\t\t<\/dt>\n<\/dl>\n<dl class='gallery-item'>\n<dt class='gallery-icon portrait'>\n\t\t\t\t<a href='https:\/\/tzokrasic.hr\/wp-content\/uploads\/2016\/09\/josip-bakalas-moj-zivot-moje-pjesme_2.jpg'><img width=\"150\" height=\"150\" src=\"https:\/\/tzokrasic.hr\/wp-content\/uploads\/2016\/09\/josip-bakalas-moj-zivot-moje-pjesme_2-150x150.jpg\" class=\"attachment-thumbnail size-thumbnail colorbox-3234 \" alt=\"\" loading=\"lazy\" \/><\/a>\n\t\t\t<\/dt>\n<\/dl>\n<dl class='gallery-item'>\n<dt class='gallery-icon portrait'>\n\t\t\t\t<a href='https:\/\/tzokrasic.hr\/wp-content\/uploads\/2016\/09\/josip-bakalas-moj-zivot-moje-pjesme_3.jpg'><img width=\"150\" height=\"150\" src=\"https:\/\/tzokrasic.hr\/wp-content\/uploads\/2016\/09\/josip-bakalas-moj-zivot-moje-pjesme_3-150x150.jpg\" class=\"attachment-thumbnail size-thumbnail colorbox-3234 \" alt=\"\" loading=\"lazy\" \/><\/a>\n\t\t\t<\/dt>\n<\/dl>\n<p><br style=\"clear: both\" \/><\/p>\n<dl class='gallery-item'>\n<dt class='gallery-icon landscape'>\n\t\t\t\t<a href='https:\/\/tzokrasic.hr\/wp-content\/uploads\/2016\/09\/josip-bakalas-moj-zivot-moje-pjesme_4.jpg'><img width=\"150\" height=\"150\" src=\"https:\/\/tzokrasic.hr\/wp-content\/uploads\/2016\/09\/josip-bakalas-moj-zivot-moje-pjesme_4-150x150.jpg\" class=\"attachment-thumbnail size-thumbnail colorbox-3234 \" alt=\"\" loading=\"lazy\" \/><\/a>\n\t\t\t<\/dt>\n<\/dl>\n<dl class='gallery-item'>\n<dt class='gallery-icon landscape'>\n\t\t\t\t<a href='https:\/\/tzokrasic.hr\/wp-content\/uploads\/2016\/09\/josip-bakalas-moj-zivot-moje-pjesme_5.jpg'><img width=\"150\" height=\"150\" src=\"https:\/\/tzokrasic.hr\/wp-content\/uploads\/2016\/09\/josip-bakalas-moj-zivot-moje-pjesme_5-150x150.jpg\" class=\"attachment-thumbnail size-thumbnail colorbox-3234 \" alt=\"\" loading=\"lazy\" \/><\/a>\n\t\t\t<\/dt>\n<\/dl>\n<dl class='gallery-item'>\n<dt class='gallery-icon landscape'>\n\t\t\t\t<a href='https:\/\/tzokrasic.hr\/wp-content\/uploads\/2016\/09\/josip-bakalas-moj-zivot-moje-pjesme_6.jpg'><img width=\"150\" height=\"150\" src=\"https:\/\/tzokrasic.hr\/wp-content\/uploads\/2016\/09\/josip-bakalas-moj-zivot-moje-pjesme_6-150x150.jpg\" class=\"attachment-thumbnail size-thumbnail colorbox-3234 \" alt=\"\" loading=\"lazy\" \/><\/a>\n\t\t\t<\/dt>\n<\/dl>\n<p><br style=\"clear: both\" \/><\/p>\n<dl class='gallery-item'>\n<dt class='gallery-icon landscape'>\n\t\t\t\t<a href='https:\/\/tzokrasic.hr\/wp-content\/uploads\/2016\/09\/josip-bakalas-moj-zivot-moje-pjesme_7.jpg'><img width=\"150\" height=\"150\" src=\"https:\/\/tzokrasic.hr\/wp-content\/uploads\/2016\/09\/josip-bakalas-moj-zivot-moje-pjesme_7-150x150.jpg\" class=\"attachment-thumbnail size-thumbnail colorbox-3234 \" alt=\"\" loading=\"lazy\" \/><\/a>\n\t\t\t<\/dt>\n<\/dl>\n<dl class='gallery-item'>\n<dt class='gallery-icon landscape'>\n\t\t\t\t<a href='https:\/\/tzokrasic.hr\/wp-content\/uploads\/2016\/09\/IMG-20160905-WA0008.jpg'><img width=\"150\" height=\"150\" src=\"https:\/\/tzokrasic.hr\/wp-content\/uploads\/2016\/09\/IMG-20160905-WA0008-150x150.jpg\" class=\"attachment-thumbnail size-thumbnail colorbox-3234 \" alt=\"\" loading=\"lazy\" srcset=\"https:\/\/tzokrasic.hr\/wp-content\/uploads\/2016\/09\/IMG-20160905-WA0008-150x150.jpg 150w, https:\/\/tzokrasic.hr\/wp-content\/uploads\/2016\/09\/IMG-20160905-WA0008-800x800.jpg 800w\" sizes=\"(max-width: 150px) 100vw, 150px\" \/><\/a>\n\t\t\t<\/dt>\n<\/dl>\n<dl class='gallery-item'>\n<dt class='gallery-icon portrait'>\n\t\t\t\t<a href='https:\/\/tzokrasic.hr\/wp-content\/uploads\/2016\/09\/IMG-20160905-WA0009.jpg'><img width=\"150\" height=\"150\" src=\"https:\/\/tzokrasic.hr\/wp-content\/uploads\/2016\/09\/IMG-20160905-WA0009-150x150.jpg\" class=\"attachment-thumbnail size-thumbnail colorbox-3234 \" alt=\"\" loading=\"lazy\" srcset=\"https:\/\/tzokrasic.hr\/wp-content\/uploads\/2016\/09\/IMG-20160905-WA0009-150x150.jpg 150w, https:\/\/tzokrasic.hr\/wp-content\/uploads\/2016\/09\/IMG-20160905-WA0009-800x800.jpg 800w\" sizes=\"(max-width: 150px) 100vw, 150px\" \/><\/a>\n\t\t\t<\/dt>\n<\/dl>\n<p><br style=\"clear: both\" \/><\/p>\n<dl class='gallery-item'>\n<dt class='gallery-icon landscape'>\n\t\t\t\t<a href='https:\/\/tzokrasic.hr\/wp-content\/uploads\/2016\/09\/Moj-\u017eivot-Moje-pjesme-Josip-Bakalasa.jpg'><img width=\"150\" height=\"150\" src=\"https:\/\/tzokrasic.hr\/wp-content\/uploads\/2016\/09\/Moj-\u017eivot-Moje-pjesme-Josip-Bakalasa-150x150.jpg\" class=\"attachment-thumbnail size-thumbnail colorbox-3234 \" alt=\"\" loading=\"lazy\" \/><\/a>\n\t\t\t<\/dt>\n<\/dl>\n<p>\t\t\t<br style='clear: both' \/>\n\t\t<\/div>\n","protected":false},"excerpt":{"rendered":"<p>U nedjelju, 4. rujna 2016. u omiljenoj hodo\u010dasni\u010dkoj crkvi Majke Bo\u017eje Dolske (\u017eupa Pribi\u0107), predstavljen je nosa\u010d zvuka &#8220;Moj \u017eivot &#8211; Moje pjesme&#8221; popularnog dolskog i pribi\u0107kog pjesnika Josipa Bakalasa. Na CD-u se nalazi jedanaest Bakalasovih duhovnih pjesama koje su uglazbili i otpjevali Zoran Pavkovi\u0107 i Mladen \u017dalac. U stvaranju te vrijedne kompaktne plo\u010de sudjelovali [&hellip;]<\/p>\n","protected":false},"author":1,"featured_media":3238,"comment_status":"open","ping_status":"open","sticky":false,"template":"","format":"standard","meta":{"ngg_post_thumbnail":0},"categories":[3,1],"tags":[],"_links":{"self":[{"href":"https:\/\/tzokrasic.hr\/index.php?rest_route=\/wp\/v2\/posts\/3234"}],"collection":[{"href":"https:\/\/tzokrasic.hr\/index.php?rest_route=\/wp\/v2\/posts"}],"about":[{"href":"https:\/\/tzokrasic.hr\/index.php?rest_route=\/wp\/v2\/types\/post"}],"author":[{"embeddable":true,"href":"https:\/\/tzokrasic.hr\/index.php?rest_route=\/wp\/v2\/users\/1"}],"replies":[{"embeddable":true,"href":"https:\/\/tzokrasic.hr\/index.php?rest_route=%2Fwp%2Fv2%2Fcomments&post=3234"}],"version-history":[{"count":3,"href":"https:\/\/tzokrasic.hr\/index.php?rest_route=\/wp\/v2\/posts\/3234\/revisions"}],"predecessor-version":[{"id":3247,"href":"https:\/\/tzokrasic.hr\/index.php?rest_route=\/wp\/v2\/posts\/3234\/revisions\/3247"}],"wp:featuredmedia":[{"embeddable":true,"href":"https:\/\/tzokrasic.hr\/index.php?rest_route=\/wp\/v2\/media\/3238"}],"wp:attachment":[{"href":"https:\/\/tzokrasic.hr\/index.php?rest_route=%2Fwp%2Fv2%2Fmedia&parent=3234"}],"wp:term":[{"taxonomy":"category","embeddable":true,"href":"https:\/\/tzokrasic.hr\/index.php?rest_route=%2Fwp%2Fv2%2Fcategories&post=3234"},{"taxonomy":"post_tag","embeddable":true,"href":"https:\/\/tzokrasic.hr\/index.php?rest_route=%2Fwp%2Fv2%2Ftags&post=3234"}],"curies":[{"name":"wp","href":"https:\/\/api.w.org\/{rel}","templated":true}]}}