{"id":4589,"date":"2018-03-18T20:20:28","date_gmt":"2018-03-18T20:20:28","guid":{"rendered":"http:\/\/tzokrasic.hr\/?p=4589"},"modified":"2018-03-18T20:20:28","modified_gmt":"2018-03-18T20:20:28","slug":"odrzan-sastanak-u-zupaniji-vezano-uz-stepinceve-staze-i-razvoj-turizma","status":"publish","type":"post","link":"https:\/\/tzokrasic.hr\/?p=4589","title":{"rendered":"ODR\u017dAN SASTANAK U \u017dUPANIJI VEZANO UZ STEPIN\u010cEVE STAZE I RAZVOJ TURIZMA"},"content":{"rendered":"<p>U petak, 16. o\u017eujka u Zagreba\u010dkoj \u017eupaniji odr\u017ean je sastanak vezano uz postavljanje sme\u0111e signalizacije i nastavak realizacije Projekta obilje\u017eavanje Stepin\u010devih staza, II.faza kojeg je Zagreba\u010dka \u017eupanija prijavila na natje\u010daj Ministarstva turizma.<\/p>\n<p>Na sastanku se raspravljalo i o drugim bitnim temama koje se ti\u010du razvoja turizma na podru\u010dju koje pokriva Turisti\u010dka zajednica op\u0107ine Kra\u0161i\u0107, posebno u vidu 20-te godi\u0161njice progla\u0161enja bla\u017eenim kardinala Stepinca, te u i\u0161\u010dekivanju njegova skorog progla\u0161enja svetim.<\/p>\n<p>Sastanku je nazo\u010dio zamjenik \u017eupana Zagreba\u010dke \u017eupanije gospodin Franki\u0107, pro\u010delnik Upravnog odjela za gospodarstvo gospodin Fa\u0161ai\u0107, direktorica Turisti\u010dke zajednice Zagreba\u010dke \u017eupanije, Turisti\u010dka zajednica op\u0107ine Kra\u0161i\u0107, te na\u010delnici op\u0107ine Kra\u0161i\u0107 i \u017dumberak.<\/p>\n<p><!--more--><\/p>\n<p><a href=\"http:\/\/tzokrasic.hr\/wp-content\/uploads\/2018\/03\/stepnceve-staze_3.jpg\"><img loading=\"lazy\" class=\"aligncenter size-full wp-image-4590\" src=\"http:\/\/tzokrasic.hr\/wp-content\/uploads\/2018\/03\/stepnceve-staze_3.jpg\" alt=\"stepnceve-staze_3\" width=\"640\" height=\"480\" srcset=\"https:\/\/tzokrasic.hr\/wp-content\/uploads\/2018\/03\/stepnceve-staze_3.jpg 640w, https:\/\/tzokrasic.hr\/wp-content\/uploads\/2018\/03\/stepnceve-staze_3-300x225.jpg 300w, https:\/\/tzokrasic.hr\/wp-content\/uploads\/2018\/03\/stepnceve-staze_3-200x150.jpg 200w\" sizes=\"(max-width: 640px) 100vw, 640px\" \/><\/a><\/p>\n<p><a href=\"http:\/\/tzokrasic.hr\/wp-content\/uploads\/2018\/03\/stepnceve-staze_2.jpg\"><img loading=\"lazy\" class=\"aligncenter size-full wp-image-4591\" src=\"http:\/\/tzokrasic.hr\/wp-content\/uploads\/2018\/03\/stepnceve-staze_2.jpg\" alt=\"stepnceve-staze_2\" width=\"640\" height=\"480\" srcset=\"https:\/\/tzokrasic.hr\/wp-content\/uploads\/2018\/03\/stepnceve-staze_2.jpg 640w, https:\/\/tzokrasic.hr\/wp-content\/uploads\/2018\/03\/stepnceve-staze_2-300x225.jpg 300w, https:\/\/tzokrasic.hr\/wp-content\/uploads\/2018\/03\/stepnceve-staze_2-200x150.jpg 200w\" sizes=\"(max-width: 640px) 100vw, 640px\" \/><\/a><\/p>\n<p><a href=\"http:\/\/tzokrasic.hr\/wp-content\/uploads\/2018\/03\/stepnceve-staze_1.jpg\"><img loading=\"lazy\" class=\"aligncenter size-full wp-image-4592\" src=\"http:\/\/tzokrasic.hr\/wp-content\/uploads\/2018\/03\/stepnceve-staze_1.jpg\" alt=\"stepnceve-staze_1\" width=\"640\" height=\"853\" srcset=\"https:\/\/tzokrasic.hr\/wp-content\/uploads\/2018\/03\/stepnceve-staze_1.jpg 640w, https:\/\/tzokrasic.hr\/wp-content\/uploads\/2018\/03\/stepnceve-staze_1-225x300.jpg 225w, https:\/\/tzokrasic.hr\/wp-content\/uploads\/2018\/03\/stepnceve-staze_1-150x200.jpg 150w\" sizes=\"(max-width: 640px) 100vw, 640px\" \/><\/a><\/p>\n","protected":false},"excerpt":{"rendered":"<p>U petak, 16. o\u017eujka u Zagreba\u010dkoj \u017eupaniji odr\u017ean je sastanak vezano uz postavljanje sme\u0111e signalizacije i nastavak realizacije Projekta obilje\u017eavanje Stepin\u010devih staza, II.faza kojeg je Zagreba\u010dka \u017eupanija prijavila na natje\u010daj Ministarstva turizma. Na sastanku se raspravljalo i o drugim bitnim temama koje se ti\u010du razvoja turizma na podru\u010dju koje pokriva Turisti\u010dka zajednica op\u0107ine Kra\u0161i\u0107, posebno [&hellip;]<\/p>\n","protected":false},"author":1,"featured_media":0,"comment_status":"open","ping_status":"open","sticky":false,"template":"","format":"standard","meta":{"ngg_post_thumbnail":0},"categories":[3,1],"tags":[],"_links":{"self":[{"href":"https:\/\/tzokrasic.hr\/index.php?rest_route=\/wp\/v2\/posts\/4589"}],"collection":[{"href":"https:\/\/tzokrasic.hr\/index.php?rest_route=\/wp\/v2\/posts"}],"about":[{"href":"https:\/\/tzokrasic.hr\/index.php?rest_route=\/wp\/v2\/types\/post"}],"author":[{"embeddable":true,"href":"https:\/\/tzokrasic.hr\/index.php?rest_route=\/wp\/v2\/users\/1"}],"replies":[{"embeddable":true,"href":"https:\/\/tzokrasic.hr\/index.php?rest_route=%2Fwp%2Fv2%2Fcomments&post=4589"}],"version-history":[{"count":1,"href":"https:\/\/tzokrasic.hr\/index.php?rest_route=\/wp\/v2\/posts\/4589\/revisions"}],"predecessor-version":[{"id":4593,"href":"https:\/\/tzokrasic.hr\/index.php?rest_route=\/wp\/v2\/posts\/4589\/revisions\/4593"}],"wp:attachment":[{"href":"https:\/\/tzokrasic.hr\/index.php?rest_route=%2Fwp%2Fv2%2Fmedia&parent=4589"}],"wp:term":[{"taxonomy":"category","embeddable":true,"href":"https:\/\/tzokrasic.hr\/index.php?rest_route=%2Fwp%2Fv2%2Fcategories&post=4589"},{"taxonomy":"post_tag","embeddable":true,"href":"https:\/\/tzokrasic.hr\/index.php?rest_route=%2Fwp%2Fv2%2Ftags&post=4589"}],"curies":[{"name":"wp","href":"https:\/\/api.w.org\/{rel}","templated":true}]}}