{"id":8027,"date":"2022-09-16T11:23:35","date_gmt":"2022-09-16T09:23:35","guid":{"rendered":"https:\/\/tzokrasic.hr\/?p=8027"},"modified":"2022-09-16T11:23:35","modified_gmt":"2022-09-16T09:23:35","slug":"predstavljanje-zbornika-i-svecana-sveta-misa","status":"publish","type":"post","link":"https:\/\/tzokrasic.hr\/?p=8027","title":{"rendered":"PREDSTAVLJANJE ZBORNIKA I SVE\u010cANA SVETA MISA"},"content":{"rendered":"<p class=\"m_-6759822047946324602s4\"><span class=\"m_-6759822047946324602bumpedfont15\">Postulatura bl.&nbsp;Alojzija Stepinca i \u017dupa Kra\u0161i\u0107&nbsp;radosna srca pozivaju&nbsp;Vas&nbsp;na&nbsp;predstavljanje knjige&nbsp;&#8216;<i>Tragovima sveca&#8217;<\/i>&nbsp;\u2013 rije\u010d je o zborniku radova&nbsp;u \u010dast&nbsp;mons.&nbsp;dr.&nbsp;sc. Jurja Batelje u prigodi&nbsp;tridesete obljetnice&nbsp;njegova&nbsp;rada&nbsp;kao&nbsp;<wbr>postulatora kauze bla\u017eenog Alojzija Stepinca. Nakon predstavljanja Zbornika bit \u0107e&nbsp;sve\u010dana sv. Misa&nbsp;u povodu&nbsp;24. obljetnice progla\u0161enja bla\u017eenim kardinala Stepinca, koju \u0107e predslaviti uzoriti gospodin kardinal Vinko Pulji\u0107, vrhbosanski nadbiskup u miru.&nbsp;<\/span><u><\/u><u><\/u><\/p>\n<p class=\"m_-6759822047946324602s4\"><span class=\"m_-6759822047946324602bumpedfont15\">Predstavljanje zbornika i sve\u010dana sveta Misa odr\u017eat \u0107e se u \u017eupnoj crkvi Presvetog Trojstva u Kra\u0161i\u0107u u nedjelju,<u><\/u><u><\/u><\/span><\/p>\n<p class=\"m_-6759822047946324602s4\"><span class=\"m_-6759822047946324602bumpedfont15\">2. listopada 2022. s po\u010detkom u 17:00 sati.<\/span><u><\/u><u><\/u><\/p>\n<p class=\"m_-6759822047946324602s4\"><span class=\"m_-6759822047946324602bumpedfont15\">Sve\u010dani doga\u0111aj prenosit \u0107e se u\u017eivo preko Laudato obiteljske televizije i Hrvatskog katoli\u010dkog radija. Prije po\u010detka promocije zbornika i nakon sve\u010danog misnog slavlja mogu\u0107 je posjet obnovljenom Spomen-domu bl. Alojzija Stepinca.<\/span><u><\/u><u><\/u><\/p>\n<p><span class=\"m_-6759822047946324602bumpedfont15\">Dobrodo\u0161li !<\/span><\/p>\n<p><img loading=\"lazy\" class=\"aligncenter size-full wp-image-8029\" src=\"https:\/\/tzokrasic.hr\/wp-content\/uploads\/2022\/09\/Snimka-zaslona-2022-09-16-112300.png\" alt=\"\" width=\"637\" height=\"903\" srcset=\"https:\/\/tzokrasic.hr\/wp-content\/uploads\/2022\/09\/Snimka-zaslona-2022-09-16-112300.png 637w, https:\/\/tzokrasic.hr\/wp-content\/uploads\/2022\/09\/Snimka-zaslona-2022-09-16-112300-212x300.png 212w, https:\/\/tzokrasic.hr\/wp-content\/uploads\/2022\/09\/Snimka-zaslona-2022-09-16-112300-141x200.png 141w\" sizes=\"(max-width: 637px) 100vw, 637px\" \/><\/p>\n<p>&nbsp;<\/p>\n","protected":false},"excerpt":{"rendered":"<p>Postulatura bl.&nbsp;Alojzija Stepinca i \u017dupa Kra\u0161i\u0107&nbsp;radosna srca pozivaju&nbsp;Vas&nbsp;na&nbsp;predstavljanje knjige&nbsp;&#8216;Tragovima sveca&#8217;&nbsp;\u2013 rije\u010d je o zborniku radova&nbsp;u \u010dast&nbsp;mons.&nbsp;dr.&nbsp;sc. Jurja Batelje u prigodi&nbsp;tridesete obljetnice&nbsp;njegova&nbsp;rada&nbsp;kao&nbsp;postulatora kauze bla\u017eenog Alojzija Stepinca. Nakon predstavljanja Zbornika bit \u0107e&nbsp;sve\u010dana sv. Misa&nbsp;u povodu&nbsp;24. obljetnice progla\u0161enja bla\u017eenim kardinala Stepinca, koju \u0107e predslaviti uzoriti gospodin kardinal Vinko Pulji\u0107, vrhbosanski nadbiskup u miru.&nbsp; Predstavljanje zbornika i sve\u010dana sveta [&hellip;]<\/p>\n","protected":false},"author":1,"featured_media":8029,"comment_status":"open","ping_status":"open","sticky":false,"template":"","format":"standard","meta":{"ngg_post_thumbnail":0},"categories":[1],"tags":[],"_links":{"self":[{"href":"https:\/\/tzokrasic.hr\/index.php?rest_route=\/wp\/v2\/posts\/8027"}],"collection":[{"href":"https:\/\/tzokrasic.hr\/index.php?rest_route=\/wp\/v2\/posts"}],"about":[{"href":"https:\/\/tzokrasic.hr\/index.php?rest_route=\/wp\/v2\/types\/post"}],"author":[{"embeddable":true,"href":"https:\/\/tzokrasic.hr\/index.php?rest_route=\/wp\/v2\/users\/1"}],"replies":[{"embeddable":true,"href":"https:\/\/tzokrasic.hr\/index.php?rest_route=%2Fwp%2Fv2%2Fcomments&post=8027"}],"version-history":[{"count":1,"href":"https:\/\/tzokrasic.hr\/index.php?rest_route=\/wp\/v2\/posts\/8027\/revisions"}],"predecessor-version":[{"id":8030,"href":"https:\/\/tzokrasic.hr\/index.php?rest_route=\/wp\/v2\/posts\/8027\/revisions\/8030"}],"wp:featuredmedia":[{"embeddable":true,"href":"https:\/\/tzokrasic.hr\/index.php?rest_route=\/wp\/v2\/media\/8029"}],"wp:attachment":[{"href":"https:\/\/tzokrasic.hr\/index.php?rest_route=%2Fwp%2Fv2%2Fmedia&parent=8027"}],"wp:term":[{"taxonomy":"category","embeddable":true,"href":"https:\/\/tzokrasic.hr\/index.php?rest_route=%2Fwp%2Fv2%2Fcategories&post=8027"},{"taxonomy":"post_tag","embeddable":true,"href":"https:\/\/tzokrasic.hr\/index.php?rest_route=%2Fwp%2Fv2%2Ftags&post=8027"}],"curies":[{"name":"wp","href":"https:\/\/api.w.org\/{rel}","templated":true}]}}