{"id":8955,"date":"2023-04-07T23:03:34","date_gmt":"2023-04-07T21:03:34","guid":{"rendered":"https:\/\/tzokrasic.hr\/?p=8955"},"modified":"2023-04-07T23:03:34","modified_gmt":"2023-04-07T21:03:34","slug":"wrc-croatia-rally-u-dodijeljene-tri-zvjezdice-u-sklopu-fia-ekoloske-akreditacije","status":"publish","type":"post","link":"https:\/\/tzokrasic.hr\/?p=8955","title":{"rendered":"WRC CROATIA RALLY-u DODIJELJENE TRI ZVJEZDICE U SKLOPU FIA EKOLO\u0160KE AKREDITACIJE"},"content":{"rendered":"<p>Uo\u010di odr\u017eavanja tre\u0107u godinu zaredom WRC&nbsp; Croatia rally utrka, koje se ove godine odr\u017eavaju na na\u0161emu podru\u010dju u petak, 21.04.2023. na poznatom brzincu od Ku\u0107era do Vr\u0161kovca u susjednoj nam Vivodini me\u0111unarodna automobilisti\u010dka federacija (FIA) je natjecanju WRC Croatia Rally dodijelila <strong>tri zvjezdice u sklopu Programa ekolo\u0161ke akreditacije.<\/strong> Tri dodijeljene zvjezdice predstavljaju najvi\u0161u mogu\u0107u ocjenu u spomenutom Programu te dokazuju kako su organizatori natjecanja u Hrvatskoj poduzeli sve korake koji vode prema visokoj stopi odr\u017eivosti samog natjecanja te kako po\u0161tuju najvi\u0161e svjetske kriterije vezane uz smanjenje nepo\u017eeljnih utjecaja na okoli\u0161.&nbsp;<\/p>\n<p>Vi\u0161e informacija nalazi se u prilogu.<\/p>\n<p>&nbsp;<\/p>\n<hr>\n<p>DOKUMENTI ZA PREUZIMANJE:<\/p>\n<p><a href=\"https:\/\/tzokrasic.hr\/wp-content\/uploads\/2023\/04\/Objava-za-medije_WRC-Croatia-Rally-dodjeljene-tri-zvijezdice-u-sklopu-FIA-ekolos\u030cke-akreditacije.pdf\">Objava za medije_WRC Croatia Rally dodjeljene tri zvijezdice u sklopu FIA ekolos\u030cke akreditacije<\/a><\/p>\n<p>&nbsp;<\/p>\n<p><!-- index.php -->\n<div\n\tclass=\"ngg-galleryoverview ngg-ajax-pagination-none\"\n\tid=\"ngg-gallery-b9d11517fdb8f8a07a07ca8af0d7e91c-1\">\n\n    \t<div class=\"slideshowlink\">\n        <a href='https:\/\/tzokrasic.hr\/index.php\/nggallery\/slideshow?p=8955'>[Show as slideshow]<\/a>\n\t\t\n\t<\/div>\n\t\t\t<!-- Thumbnails -->\n\t\t\t\t<div id=\"ngg-image-0\" class=\"ngg-gallery-thumbnail-box\" >\n\t\t\t\t        <div class=\"ngg-gallery-thumbnail\">\n            <a href=\"https:\/\/tzokrasic.hr\/wp-content\/gallery\/wrc2023_1\/Photo03_Uros-Modlic.jpg\"\n               title=\"\"\n               data-src=\"https:\/\/tzokrasic.hr\/wp-content\/gallery\/wrc2023_1\/Photo03_Uros-Modlic.jpg\"\n               data-thumbnail=\"https:\/\/tzokrasic.hr\/wp-content\/gallery\/wrc2023_1\/thumbs\/thumbs_Photo03_Uros-Modlic.jpg\"\n               data-image-id=\"1377\"\n               data-title=\"Photo03_Uros-Modlic\"\n               data-description=\"\"\n               data-image-slug=\"photo03_uros-modlic\"\n               class=\"ngg-fancybox\" rel=\"b9d11517fdb8f8a07a07ca8af0d7e91c\">\n                <img\n                    title=\"Photo03_Uros-Modlic\"\n                    alt=\"Photo03_Uros-Modlic\"\n                    src=\"https:\/\/tzokrasic.hr\/wp-content\/gallery\/wrc2023_1\/thumbs\/thumbs_Photo03_Uros-Modlic.jpg\"\n                    width=\"130\"\n                    height=\"105\"\n                    style=\"max-width:100%;\"\n                \/>\n            <\/a>\n        <\/div>\n\t\t\t\t\t\t\t<\/div> \n\t\t\t\n        \n\t\t\t\t<div id=\"ngg-image-1\" class=\"ngg-gallery-thumbnail-box\" >\n\t\t\t\t        <div class=\"ngg-gallery-thumbnail\">\n            <a href=\"https:\/\/tzokrasic.hr\/wp-content\/gallery\/wrc2023_1\/Photo02_Uros-Modlic.jpg\"\n               title=\"\"\n               data-src=\"https:\/\/tzokrasic.hr\/wp-content\/gallery\/wrc2023_1\/Photo02_Uros-Modlic.jpg\"\n               data-thumbnail=\"https:\/\/tzokrasic.hr\/wp-content\/gallery\/wrc2023_1\/thumbs\/thumbs_Photo02_Uros-Modlic.jpg\"\n               data-image-id=\"1378\"\n               data-title=\"Photo02_Uros-Modlic\"\n               data-description=\"\"\n               data-image-slug=\"photo02_uros-modlic\"\n               class=\"ngg-fancybox\" rel=\"b9d11517fdb8f8a07a07ca8af0d7e91c\">\n                <img\n                    title=\"Photo02_Uros-Modlic\"\n                    alt=\"Photo02_Uros-Modlic\"\n                    src=\"https:\/\/tzokrasic.hr\/wp-content\/gallery\/wrc2023_1\/thumbs\/thumbs_Photo02_Uros-Modlic.jpg\"\n                    width=\"130\"\n                    height=\"105\"\n                    style=\"max-width:100%;\"\n                \/>\n            <\/a>\n        <\/div>\n\t\t\t\t\t\t\t<\/div> \n\t\t\t\n        \n\t\t\t\t<div id=\"ngg-image-2\" class=\"ngg-gallery-thumbnail-box\" >\n\t\t\t\t        <div class=\"ngg-gallery-thumbnail\">\n            <a href=\"https:\/\/tzokrasic.hr\/wp-content\/gallery\/wrc2023_1\/Photo01_Mario-Pavlovic.jpg\"\n               title=\"\"\n               data-src=\"https:\/\/tzokrasic.hr\/wp-content\/gallery\/wrc2023_1\/Photo01_Mario-Pavlovic.jpg\"\n               data-thumbnail=\"https:\/\/tzokrasic.hr\/wp-content\/gallery\/wrc2023_1\/thumbs\/thumbs_Photo01_Mario-Pavlovic.jpg\"\n               data-image-id=\"1379\"\n               data-title=\"Photo01_Mario-Pavlovic\"\n               data-description=\"\"\n               data-image-slug=\"photo01_mario-pavlovic\"\n               class=\"ngg-fancybox\" rel=\"b9d11517fdb8f8a07a07ca8af0d7e91c\">\n                <img\n                    title=\"Photo01_Mario-Pavlovic\"\n                    alt=\"Photo01_Mario-Pavlovic\"\n                    src=\"https:\/\/tzokrasic.hr\/wp-content\/gallery\/wrc2023_1\/thumbs\/thumbs_Photo01_Mario-Pavlovic.jpg\"\n                    width=\"130\"\n                    height=\"105\"\n                    style=\"max-width:100%;\"\n                \/>\n            <\/a>\n        <\/div>\n\t\t\t\t\t\t\t<\/div> \n\t\t\t\n        \n\t\t\n\t\t<!-- Pagination -->\n\t<div class='ngg-clear'><\/div>\t<\/div>\n&nbsp;<\/p>\n","protected":false},"excerpt":{"rendered":"<p>Uo\u010di odr\u017eavanja tre\u0107u godinu zaredom WRC&nbsp; Croatia rally utrka, koje se ove godine odr\u017eavaju na na\u0161emu podru\u010dju u petak, 21.04.2023. na poznatom brzincu od Ku\u0107era do Vr\u0161kovca u susjednoj nam Vivodini me\u0111unarodna automobilisti\u010dka federacija (FIA) je natjecanju WRC Croatia Rally dodijelila tri zvjezdice u sklopu Programa ekolo\u0161ke akreditacije. Tri dodijeljene zvjezdice predstavljaju najvi\u0161u mogu\u0107u ocjenu [&hellip;]<\/p>\n","protected":false},"author":1,"featured_media":8965,"comment_status":"open","ping_status":"open","sticky":false,"template":"","format":"standard","meta":{"ngg_post_thumbnail":0},"categories":[1],"tags":[],"_links":{"self":[{"href":"https:\/\/tzokrasic.hr\/index.php?rest_route=\/wp\/v2\/posts\/8955"}],"collection":[{"href":"https:\/\/tzokrasic.hr\/index.php?rest_route=\/wp\/v2\/posts"}],"about":[{"href":"https:\/\/tzokrasic.hr\/index.php?rest_route=\/wp\/v2\/types\/post"}],"author":[{"embeddable":true,"href":"https:\/\/tzokrasic.hr\/index.php?rest_route=\/wp\/v2\/users\/1"}],"replies":[{"embeddable":true,"href":"https:\/\/tzokrasic.hr\/index.php?rest_route=%2Fwp%2Fv2%2Fcomments&post=8955"}],"version-history":[{"count":1,"href":"https:\/\/tzokrasic.hr\/index.php?rest_route=\/wp\/v2\/posts\/8955\/revisions"}],"predecessor-version":[{"id":8966,"href":"https:\/\/tzokrasic.hr\/index.php?rest_route=\/wp\/v2\/posts\/8955\/revisions\/8966"}],"wp:featuredmedia":[{"embeddable":true,"href":"https:\/\/tzokrasic.hr\/index.php?rest_route=\/wp\/v2\/media\/8965"}],"wp:attachment":[{"href":"https:\/\/tzokrasic.hr\/index.php?rest_route=%2Fwp%2Fv2%2Fmedia&parent=8955"}],"wp:term":[{"taxonomy":"category","embeddable":true,"href":"https:\/\/tzokrasic.hr\/index.php?rest_route=%2Fwp%2Fv2%2Fcategories&post=8955"},{"taxonomy":"post_tag","embeddable":true,"href":"https:\/\/tzokrasic.hr\/index.php?rest_route=%2Fwp%2Fv2%2Ftags&post=8955"}],"curies":[{"name":"wp","href":"https:\/\/api.w.org\/{rel}","templated":true}]}}