{"id":9251,"date":"2023-05-13T09:31:37","date_gmt":"2023-05-13T07:31:37","guid":{"rendered":"https:\/\/tzokrasic.hr\/?p=9251"},"modified":"2023-05-14T09:32:50","modified_gmt":"2023-05-14T07:32:50","slug":"obiljezavanje-125-obljetnice-rodenja-bl-alojzija-stepinca-i-proslava-majcinog-dana-te-blagoslov-biste-majke-bl-alojzija-stepinca-barbare-stepinac-r-penic","status":"publish","type":"post","link":"https:\/\/tzokrasic.hr\/?p=9251","title":{"rendered":"Obilje\u017eavanje 125. obljetnice ro\u0111enja bl. Alojzija Stepinca i proslava Maj\u010dinog dana te blagoslov biste Majke bl. Alojzija Stepinca- Barbare Stepinac r. Peni\u0107"},"content":{"rendered":"<p>U nedjelju 14.svibnja nastavlja se ovogodi\u0161nje obilje\u017eavanje velike 125.godi\u0161njice od ro\u0111enja bla\u017eenog Alojzija Stepinca, ro\u0111enog 08.svibnja 1898.godine ovdje u Brezari\u0107u u \u017dupi Kra\u0161i\u0107.<\/p>\n<p>Nakon \u0161to je u ponedjeljak 08.svibnja sve\u010dano obilje\u017een njegov 125.ro\u0111endan i okrugla&nbsp; 30. obljetnica&nbsp; Op\u0107ine Kra\u0161i\u0107, ovoga vikenda slave se tradicionalni &nbsp;&#8216;Dani kra\u0161i\u0107kog kraja&#8217; kulturno-umjetni\u010dkim i zabavnim programima.<\/p>\n<p>U nedjelju biti \u0107e sve\u010dano od jutra, najprije \u017eupno misno slavlje u 08:00 sati, zatim sve\u010dano u 11:00 sati koje \u0107e predslaviti Vara\u017edinski biskup u miru, mons.Josip Mrzljak i na kojem \u0107e biti otkrivanje i blagoslov biste Majke barbare Stepinac, majke &nbsp;bl. Alojzija Stepinca. Tako\u0111er na trgu \u0107e od 10:30 sati biti stara vozila iz Oldteimer kluba Samobor, dok popodne o\u010dekujemo nastup Kra\u0161i\u0107kih ma\u017eoretkinja nakon 17:00 sati i zatim od 18:00 sati nastup kulturno umjetni\u010dkih dru\u0161tava u \u0161atoru podno Op\u0107ine. Za kraj proslave o\u010dekuje nas ve\u010dernji nastup popularne Klape &#8216;\u0160ufit&#8217;.<\/p>\n<p>&nbsp;&nbsp;&nbsp;&nbsp;&nbsp;&nbsp;<\/p>\n<p><img loading=\"lazy\" class=\"aligncenter size-full wp-image-9252\" src=\"https:\/\/tzokrasic.hr\/wp-content\/uploads\/2023\/05\/PLAKAT-proslava-majcinog-rodjendana.jpg\" alt=\"\" width=\"1181\" height=\"1771\" srcset=\"https:\/\/tzokrasic.hr\/wp-content\/uploads\/2023\/05\/PLAKAT-proslava-majcinog-rodjendana.jpg 1181w, https:\/\/tzokrasic.hr\/wp-content\/uploads\/2023\/05\/PLAKAT-proslava-majcinog-rodjendana-200x300.jpg 200w, https:\/\/tzokrasic.hr\/wp-content\/uploads\/2023\/05\/PLAKAT-proslava-majcinog-rodjendana-683x1024.jpg 683w, https:\/\/tzokrasic.hr\/wp-content\/uploads\/2023\/05\/PLAKAT-proslava-majcinog-rodjendana-768x1152.jpg 768w, https:\/\/tzokrasic.hr\/wp-content\/uploads\/2023\/05\/PLAKAT-proslava-majcinog-rodjendana-1024x1536.jpg 1024w, https:\/\/tzokrasic.hr\/wp-content\/uploads\/2023\/05\/PLAKAT-proslava-majcinog-rodjendana-133x200.jpg 133w\" sizes=\"(max-width: 1181px) 100vw, 1181px\" \/><\/p>\n","protected":false},"excerpt":{"rendered":"<p>U nedjelju 14.svibnja nastavlja se ovogodi\u0161nje obilje\u017eavanje velike 125.godi\u0161njice od ro\u0111enja bla\u017eenog Alojzija Stepinca, ro\u0111enog 08.svibnja 1898.godine ovdje u Brezari\u0107u u \u017dupi Kra\u0161i\u0107. Nakon \u0161to je u ponedjeljak 08.svibnja sve\u010dano obilje\u017een njegov 125.ro\u0111endan i okrugla&nbsp; 30. obljetnica&nbsp; Op\u0107ine Kra\u0161i\u0107, ovoga vikenda slave se tradicionalni &nbsp;&#8216;Dani kra\u0161i\u0107kog kraja&#8217; kulturno-umjetni\u010dkim i zabavnim programima. U nedjelju biti \u0107e [&hellip;]<\/p>\n","protected":false},"author":1,"featured_media":9252,"comment_status":"open","ping_status":"open","sticky":false,"template":"","format":"standard","meta":{"ngg_post_thumbnail":0},"categories":[1],"tags":[],"_links":{"self":[{"href":"https:\/\/tzokrasic.hr\/index.php?rest_route=\/wp\/v2\/posts\/9251"}],"collection":[{"href":"https:\/\/tzokrasic.hr\/index.php?rest_route=\/wp\/v2\/posts"}],"about":[{"href":"https:\/\/tzokrasic.hr\/index.php?rest_route=\/wp\/v2\/types\/post"}],"author":[{"embeddable":true,"href":"https:\/\/tzokrasic.hr\/index.php?rest_route=\/wp\/v2\/users\/1"}],"replies":[{"embeddable":true,"href":"https:\/\/tzokrasic.hr\/index.php?rest_route=%2Fwp%2Fv2%2Fcomments&post=9251"}],"version-history":[{"count":1,"href":"https:\/\/tzokrasic.hr\/index.php?rest_route=\/wp\/v2\/posts\/9251\/revisions"}],"predecessor-version":[{"id":9253,"href":"https:\/\/tzokrasic.hr\/index.php?rest_route=\/wp\/v2\/posts\/9251\/revisions\/9253"}],"wp:featuredmedia":[{"embeddable":true,"href":"https:\/\/tzokrasic.hr\/index.php?rest_route=\/wp\/v2\/media\/9252"}],"wp:attachment":[{"href":"https:\/\/tzokrasic.hr\/index.php?rest_route=%2Fwp%2Fv2%2Fmedia&parent=9251"}],"wp:term":[{"taxonomy":"category","embeddable":true,"href":"https:\/\/tzokrasic.hr\/index.php?rest_route=%2Fwp%2Fv2%2Fcategories&post=9251"},{"taxonomy":"post_tag","embeddable":true,"href":"https:\/\/tzokrasic.hr\/index.php?rest_route=%2Fwp%2Fv2%2Ftags&post=9251"}],"curies":[{"name":"wp","href":"https:\/\/api.w.org\/{rel}","templated":true}]}}