{"id":9421,"date":"2023-06-16T18:25:07","date_gmt":"2023-06-16T16:25:07","guid":{"rendered":"https:\/\/tzokrasic.hr\/?p=9421"},"modified":"2023-06-16T18:25:07","modified_gmt":"2023-06-16T16:25:07","slug":"poziv-na-predstavljanje-knjige","status":"publish","type":"post","link":"https:\/\/tzokrasic.hr\/?p=9421","title":{"rendered":"POZIV NA PREDSTAVLJANJE KNJIGE"},"content":{"rendered":"<div>Predstavljanje knjige \u201cUloga bla\u017eenoga Alojzija Stepinca u zbrinjavanju ratne siro\u010dadi i njihovo lije\u010denje u zagreba\u010dkim bolnicama od 1. lipnja 1942. do 1. kolovoza 1943. godine\u201d postulatora za progla\u0161enje svetim bla\u017eenoga Alojzija Stepinca Jurja Batelje odr\u017eat \u0107e&nbsp; u&nbsp;<span style=\"font-size: large;\"><b>nedjelju, 18. lipnja 2023. s po\u010detkom u 18 sati u \u017eupi Presvetog Trojstva u Kra\u0161i\u0107u!<\/b><\/span><\/div>\n<div><span style=\"font-size: large;\"><b><br \/>\n<\/b><\/span>Nakon promocije knjige &#8211; uslijediti \u0107e i&nbsp;<b><span style=\"font-size: large;\">sve\u010dana sveta misa koju \u0107e predslaviti mons. Zdenko Kri\u017ei\u0107, gospi\u0107ki biskup.<\/span><\/b><\/div>\n<div><span style=\"font-size: large;\"><b><br \/>\n<\/b><\/span>Nakon svete mise, knjigu \u0107ete si mo\u0107i nabaviti ispred crkve po promotivnoj cijeni od 30 eura!<span style=\"font-size: large;\"><i><br \/>\n<\/i><\/span><\/div>\n<div>&nbsp;<\/div>\n<div>PREDSTAVLJANJE KNJIGE I SVETU MISU U\u017dIVO \u0106ETE MO\u0106I PRATITI I NA LAUDATO OBITELJSKOJ TELEVIZIJI<\/div>\n<div>&nbsp;<\/div>\n<div><img loading=\"lazy\" class=\"aligncenter size-full wp-image-9423\" src=\"https:\/\/tzokrasic.hr\/wp-content\/uploads\/2023\/06\/KRASIC_18_6_2023_PLAKAT.jpg\" alt=\"\" width=\"1770\" height=\"2360\" srcset=\"https:\/\/tzokrasic.hr\/wp-content\/uploads\/2023\/06\/KRASIC_18_6_2023_PLAKAT.jpg 1770w, https:\/\/tzokrasic.hr\/wp-content\/uploads\/2023\/06\/KRASIC_18_6_2023_PLAKAT-225x300.jpg 225w, https:\/\/tzokrasic.hr\/wp-content\/uploads\/2023\/06\/KRASIC_18_6_2023_PLAKAT-768x1024.jpg 768w, https:\/\/tzokrasic.hr\/wp-content\/uploads\/2023\/06\/KRASIC_18_6_2023_PLAKAT-1152x1536.jpg 1152w, https:\/\/tzokrasic.hr\/wp-content\/uploads\/2023\/06\/KRASIC_18_6_2023_PLAKAT-1536x2048.jpg 1536w, https:\/\/tzokrasic.hr\/wp-content\/uploads\/2023\/06\/KRASIC_18_6_2023_PLAKAT-150x200.jpg 150w\" sizes=\"(max-width: 1770px) 100vw, 1770px\" \/><\/div>\n","protected":false},"excerpt":{"rendered":"<p>Predstavljanje knjige \u201cUloga bla\u017eenoga Alojzija Stepinca u zbrinjavanju ratne siro\u010dadi i njihovo lije\u010denje u zagreba\u010dkim bolnicama od 1. lipnja 1942. do 1. kolovoza 1943. godine\u201d postulatora za progla\u0161enje svetim bla\u017eenoga Alojzija Stepinca Jurja Batelje odr\u017eat \u0107e&nbsp; u&nbsp;nedjelju, 18. lipnja 2023. s po\u010detkom u 18 sati u \u017eupi Presvetog Trojstva u Kra\u0161i\u0107u! Nakon promocije knjige &#8211; [&hellip;]<\/p>\n","protected":false},"author":1,"featured_media":9424,"comment_status":"open","ping_status":"open","sticky":false,"template":"","format":"standard","meta":{"ngg_post_thumbnail":0},"categories":[1],"tags":[],"_links":{"self":[{"href":"https:\/\/tzokrasic.hr\/index.php?rest_route=\/wp\/v2\/posts\/9421"}],"collection":[{"href":"https:\/\/tzokrasic.hr\/index.php?rest_route=\/wp\/v2\/posts"}],"about":[{"href":"https:\/\/tzokrasic.hr\/index.php?rest_route=\/wp\/v2\/types\/post"}],"author":[{"embeddable":true,"href":"https:\/\/tzokrasic.hr\/index.php?rest_route=\/wp\/v2\/users\/1"}],"replies":[{"embeddable":true,"href":"https:\/\/tzokrasic.hr\/index.php?rest_route=%2Fwp%2Fv2%2Fcomments&post=9421"}],"version-history":[{"count":1,"href":"https:\/\/tzokrasic.hr\/index.php?rest_route=\/wp\/v2\/posts\/9421\/revisions"}],"predecessor-version":[{"id":9425,"href":"https:\/\/tzokrasic.hr\/index.php?rest_route=\/wp\/v2\/posts\/9421\/revisions\/9425"}],"wp:featuredmedia":[{"embeddable":true,"href":"https:\/\/tzokrasic.hr\/index.php?rest_route=\/wp\/v2\/media\/9424"}],"wp:attachment":[{"href":"https:\/\/tzokrasic.hr\/index.php?rest_route=%2Fwp%2Fv2%2Fmedia&parent=9421"}],"wp:term":[{"taxonomy":"category","embeddable":true,"href":"https:\/\/tzokrasic.hr\/index.php?rest_route=%2Fwp%2Fv2%2Fcategories&post=9421"},{"taxonomy":"post_tag","embeddable":true,"href":"https:\/\/tzokrasic.hr\/index.php?rest_route=%2Fwp%2Fv2%2Ftags&post=9421"}],"curies":[{"name":"wp","href":"https:\/\/api.w.org\/{rel}","templated":true}]}}